{"id":515,"date":"2023-02-21T05:14:27","date_gmt":"2023-02-21T05:14:27","guid":{"rendered":"https:\/\/www.magicien-magie.com\/blog\/?p=515"},"modified":"2023-02-21T11:46:41","modified_gmt":"2023-02-21T11:46:41","slug":"olivia-et-elodie-vandenhende-sont-elles-les-filles-de-francis-et-denise-fabre","status":"publish","type":"post","link":"https:\/\/www.magicien-magie.com\/blog\/olivia-et-elodie-vandenhende-sont-elles-les-filles-de-francis-et-denise-fabre\/","title":{"rendered":"Olivia et \u00c9lodie Vandenhende\u00a0: sont-elles les filles de Francis et Denise Fabre\u2009?"},"content":{"rendered":"\n<h2 class=\"wp-block-heading\">Qui est Denise Fabre\u2009?<\/h2>\n\n\n\n<p>N\u00e9e en 1942 \u00e0 Nice, <a href=\"https:\/\/www.magicien-magie.com\/blog\/quel-age-a-la-presentatrice-denise-fabre\/\">Denise Fabre <\/a>est une animatrice devenue femme politique et l\u2019une des personnalit\u00e9s les plus populaires en France. Et pourtant, la pr\u00e9sentatrice des ann\u00e9es\u00a080 qui a \u0153uvr\u00e9 de nombreuses fois \u00e0 la t\u00e9l\u00e9vision avec le <a href=\"https:\/\/www.magicien-magie.com\/blog\/histoire-de-la-vie-de-garcimore\/\">magicien Jos\u00e9 Garcimore <\/a>ne s\u2019attendait pas du tout \u00e0 avoir une telle carri\u00e8re. \u00a0<\/p>\n\n\n\n<p>En 1978, elle a trouv\u00e9 l\u2019homme de sa vie et ne l\u2019a plus quitt\u00e9. Il s\u2019agit du p\u00e8re de ses jumelles, Francis Vandenhende. Les deux sont aujourd\u2019hui d\u2019heureux grands-parents.<\/p>\n\n\n\n<p>C\u2019est en 2004 que <a href=\"https:\/\/www.magicien-magie.com\/blog\/quel-age-a-la-presentatrice-denise-fabre\/\">Denise Fabre <\/a>est entr\u00e9e dans le monde politique. Elle a rejoint le parti politique des r\u00e9publicains. Aujourd\u2019hui, elle occupe le poste de conseill\u00e8re municipale du maire Christian Estrosi dans la ville de Nice qui l\u2019a vu na\u00eetre et dans laquelle elle r\u00e9side.<\/p>\n\n\n\n<h2 class=\"wp-block-heading\">En savoir plus sur Olivia Vandenhende<\/h2>\n\n\n\n<p>Du mariage de Denise et de Francis Vandenhende sont n\u00e9es deux filles&nbsp;: Olivia et \u00c9lodie. La jeune Olivia semble avoir suivi les pas de sa m\u00e8re. Dans ce cas, on ne parlera pas de \u00ab\u2009tel p\u00e8re tel fils\u2009\u00bb, mais de \u00ab\u2009telle m\u00e8re telle fille\u2009\u00bb. <a href=\"https:\/\/www.magicien-magie.com\/blog\/quel-age-a-la-presentatrice-denise-fabre\/\">Denise Fabre <\/a>a transmis ses talents de speakerine \u00e0 sa fille Olivia. \u00c0 moins qu\u2019il s\u2019agisse simplement d\u2019un hommage que cette derni\u00e8re fait \u00e0 la femme qui lui a donn\u00e9 le jour.<\/p>\n\n\n\n<p>Olivia Vandenhende est mari\u00e9e \u00e0 Charles de&nbsp;Coubertin, un avocat d\u2019affaires et un descendant direct du baron Pierre Coubertin.<\/p>\n\n\n\n<p>On a d\u00e9j\u00e0 vu Olivia \u00e0 la t\u00e9l\u00e9vision sur la cha\u00eene&nbsp;W9 en tant que speakerine. Elle pr\u00e9sentait les programmes par quinzaine sur le petit \u00e9cran. Devenue repr\u00e9sentante de la France, elle annon\u00e7ait les \u00e9missions qui seront pass\u00e9es dans la journ\u00e9e et les accompagnaient d\u2019actualit\u00e9s marrantes, culturelles ou people sur le pays.<\/p>\n\n\n\n<p>Si Olivia a travaill\u00e9 au sein d\u2019une entreprise de production, elle a commenc\u00e9 sa carri\u00e8re sur le petit \u00e9cran. Et comme c\u2019\u00e9tait le cas pour sa m\u00e8re, elle n\u2019avait pas id\u00e9e que le vent l\u2019am\u00e8nerait sur ce chemin. Elle affirme en effet avoir fait de la t\u00e9l\u00e9 simplement pour le plaisir sans pour autant avoir une v\u00e9ritable soif de l\u2019antenne. Elle explique aussi que la t\u00e9l\u00e9vision est un milieu tr\u00e8s comp\u00e9titif, instable et difficile. Elle consid\u00e8re ce passage comme une bonne exp\u00e9rience et une petite d\u00e9dicace \u00e0 sa maman.<\/p>\n\n\n\n<h2 class=\"wp-block-heading\">En savoir plus sur \u00c9lodie<\/h2>\n\n\n\n<p>\u00c9lodie est la deuxi\u00e8me fille de Denise Fabre \u00e0 se marier. En effet, Olivia fut la premi\u00e8re, et son mariage fut suivi 24&nbsp;mois apr\u00e8s par celui d\u2019\u00c9lodie. Cette derni\u00e8re, loin de la t\u00e9l\u00e9vision, a fait sa carri\u00e8re dans le droit avant de se convertir \u00e0 l\u2019\u00e9conomie num\u00e9rique. Elle s\u2019est ensuite rendue aux \u00c9tats-Unis o\u00f9 elle a continu\u00e9 ses \u00e9tudes de droit \u00e0 l\u2019American University, Washington College of Law. Aujourd\u2019hui, \u00c9lodie est membre du Barreau de New York, mais aussi de celui de Paris. Elle s\u2019est sp\u00e9cialis\u00e9e dans les questions li\u00e9es \u00e0 la concurrence.<\/p>\n\n\n\n<h2 class=\"wp-block-heading\">Que dire de Francis Vandenhende<\/h2>\n\n\n\n<p>Francis Vandenhende qui a \u00e9pous\u00e9 Denise est connu dans le monde comme un grand cuisinier. Il \u00e9tait l\u2019heureux d\u00e9tenteur de plusieurs restaurants \u00e0 Paris au milieu de 90. On peut citer entre autres le manoir de Paris, la ferme Saint-Simon ou encore la Maison du jardin.<\/p>\n\n\n\n<p>Dans sa carri\u00e8re de chef, Francis recevait tout l\u2019appui dont il avait besoin de la part de son \u00e9pouse. Elle le soutenait non seulement moralement, mais elle venait aussi travailler avec lui dans les \u00e9tablissements et en profitait pour rencontrer ses fans.<\/p>\n\n\n\n<p>En 2007 pourtant, tout s\u2019arr\u00eata. Francis d\u00e9cide de vendre toutes ses entreprises et de d\u00e9m\u00e9nager dans le sud pour passer plus de temps avec son \u00e9pouse. Il estime qu\u2019il n\u2019y a rien de plus important dans la vie.<\/p>\n","protected":false},"excerpt":{"rendered":"<p>Qui est Denise Fabre\u2009? N\u00e9e en 1942 \u00e0 Nice, Denise Fabre est une animatrice devenue femme politique et l\u2019une des personnalit\u00e9s les plus populaires en &hellip; <\/p>\n","protected":false},"author":3,"featured_media":516,"comment_status":"closed","ping_status":"open","sticky":false,"template":"","format":"standard","meta":{"footnotes":""},"categories":[8],"tags":[],"class_list":["post-515","post","type-post","status-publish","format-standard","has-post-thumbnail","hentry","category-questions-reponses"],"yoast_head":"<!-- This site is optimized with the Yoast SEO plugin v27.4 - https:\/\/yoast.com\/product\/yoast-seo-wordpress\/ -->\n<title>Olivia et \u00c9lodie Vandenhende\u00a0: sont-elles les filles de Francis et Denise Fabre\u2009? - Blog magie<\/title>\n<meta name=\"robots\" content=\"index, follow, max-snippet:-1, max-image-preview:large, max-video-preview:-1\" \/>\n<link rel=\"canonical\" href=\"https:\/\/www.magicien-magie.com\/blog\/olivia-et-elodie-vandenhende-sont-elles-les-filles-de-francis-et-denise-fabre\/\" \/>\n<meta property=\"og:locale\" content=\"fr_FR\" \/>\n<meta property=\"og:type\" content=\"article\" \/>\n<meta property=\"og:title\" content=\"Olivia et \u00c9lodie Vandenhende\u00a0: sont-elles les filles de Francis et Denise Fabre\u2009? - Blog magie\" \/>\n<meta property=\"og:description\" content=\"Qui est Denise Fabre\u2009? N\u00e9e en 1942 \u00e0 Nice, Denise Fabre est une animatrice devenue femme politique et l\u2019une des personnalit\u00e9s les plus populaires en &hellip;\" \/>\n<meta property=\"og:url\" content=\"https:\/\/www.magicien-magie.com\/blog\/olivia-et-elodie-vandenhende-sont-elles-les-filles-de-francis-et-denise-fabre\/\" \/>\n<meta property=\"og:site_name\" content=\"Blog magie\" \/>\n<meta property=\"article:published_time\" content=\"2023-02-21T05:14:27+00:00\" \/>\n<meta property=\"article:modified_time\" content=\"2023-02-21T11:46:41+00:00\" \/>\n<meta property=\"og:image\" content=\"https:\/\/www.magicien-magie.com\/blog\/wp-content\/uploads\/2023\/02\/question.jpg\" \/>\n\t<meta property=\"og:image:width\" content=\"900\" \/>\n\t<meta property=\"og:image:height\" content=\"600\" \/>\n\t<meta property=\"og:image:type\" content=\"image\/jpeg\" \/>\n<meta name=\"author\" content=\"artiste\" \/>\n<meta name=\"twitter:card\" content=\"summary_large_image\" \/>\n<meta name=\"twitter:label1\" content=\"\u00c9crit par\" \/>\n\t<meta name=\"twitter:data1\" content=\"artiste\" \/>\n\t<meta name=\"twitter:label2\" content=\"Dur\u00e9e de lecture estim\u00e9e\" \/>\n\t<meta name=\"twitter:data2\" content=\"4 minutes\" \/>\n<script type=\"application\/ld+json\" class=\"yoast-schema-graph\">{\"@context\":\"https:\\\/\\\/schema.org\",\"@graph\":[{\"@type\":\"Article\",\"@id\":\"https:\\\/\\\/www.magicien-magie.com\\\/blog\\\/olivia-et-elodie-vandenhende-sont-elles-les-filles-de-francis-et-denise-fabre\\\/#article\",\"isPartOf\":{\"@id\":\"https:\\\/\\\/www.magicien-magie.com\\\/blog\\\/olivia-et-elodie-vandenhende-sont-elles-les-filles-de-francis-et-denise-fabre\\\/\"},\"author\":{\"name\":\"artiste\",\"@id\":\"https:\\\/\\\/www.magicien-magie.com\\\/blog\\\/#\\\/schema\\\/person\\\/5daf4d489d234d2f5bc62f0d15ca0569\"},\"headline\":\"Olivia et \u00c9lodie Vandenhende\u00a0: sont-elles les filles de Francis et Denise Fabre\u2009?\",\"datePublished\":\"2023-02-21T05:14:27+00:00\",\"dateModified\":\"2023-02-21T11:46:41+00:00\",\"mainEntityOfPage\":{\"@id\":\"https:\\\/\\\/www.magicien-magie.com\\\/blog\\\/olivia-et-elodie-vandenhende-sont-elles-les-filles-de-francis-et-denise-fabre\\\/\"},\"wordCount\":689,\"image\":{\"@id\":\"https:\\\/\\\/www.magicien-magie.com\\\/blog\\\/olivia-et-elodie-vandenhende-sont-elles-les-filles-de-francis-et-denise-fabre\\\/#primaryimage\"},\"thumbnailUrl\":\"https:\\\/\\\/www.magicien-magie.com\\\/blog\\\/wp-content\\\/uploads\\\/2023\\\/02\\\/question.jpg\",\"articleSection\":[\"Questions\\\/r\u00e9ponses\"],\"inLanguage\":\"fr-FR\"},{\"@type\":\"WebPage\",\"@id\":\"https:\\\/\\\/www.magicien-magie.com\\\/blog\\\/olivia-et-elodie-vandenhende-sont-elles-les-filles-de-francis-et-denise-fabre\\\/\",\"url\":\"https:\\\/\\\/www.magicien-magie.com\\\/blog\\\/olivia-et-elodie-vandenhende-sont-elles-les-filles-de-francis-et-denise-fabre\\\/\",\"name\":\"Olivia et \u00c9lodie Vandenhende\u00a0: sont-elles les filles de Francis et Denise Fabre\u2009? - Blog magie\",\"isPartOf\":{\"@id\":\"https:\\\/\\\/www.magicien-magie.com\\\/blog\\\/#website\"},\"primaryImageOfPage\":{\"@id\":\"https:\\\/\\\/www.magicien-magie.com\\\/blog\\\/olivia-et-elodie-vandenhende-sont-elles-les-filles-de-francis-et-denise-fabre\\\/#primaryimage\"},\"image\":{\"@id\":\"https:\\\/\\\/www.magicien-magie.com\\\/blog\\\/olivia-et-elodie-vandenhende-sont-elles-les-filles-de-francis-et-denise-fabre\\\/#primaryimage\"},\"thumbnailUrl\":\"https:\\\/\\\/www.magicien-magie.com\\\/blog\\\/wp-content\\\/uploads\\\/2023\\\/02\\\/question.jpg\",\"datePublished\":\"2023-02-21T05:14:27+00:00\",\"dateModified\":\"2023-02-21T11:46:41+00:00\",\"author\":{\"@id\":\"https:\\\/\\\/www.magicien-magie.com\\\/blog\\\/#\\\/schema\\\/person\\\/5daf4d489d234d2f5bc62f0d15ca0569\"},\"breadcrumb\":{\"@id\":\"https:\\\/\\\/www.magicien-magie.com\\\/blog\\\/olivia-et-elodie-vandenhende-sont-elles-les-filles-de-francis-et-denise-fabre\\\/#breadcrumb\"},\"inLanguage\":\"fr-FR\",\"potentialAction\":[{\"@type\":\"ReadAction\",\"target\":[\"https:\\\/\\\/www.magicien-magie.com\\\/blog\\\/olivia-et-elodie-vandenhende-sont-elles-les-filles-de-francis-et-denise-fabre\\\/\"]}]},{\"@type\":\"ImageObject\",\"inLanguage\":\"fr-FR\",\"@id\":\"https:\\\/\\\/www.magicien-magie.com\\\/blog\\\/olivia-et-elodie-vandenhende-sont-elles-les-filles-de-francis-et-denise-fabre\\\/#primaryimage\",\"url\":\"https:\\\/\\\/www.magicien-magie.com\\\/blog\\\/wp-content\\\/uploads\\\/2023\\\/02\\\/question.jpg\",\"contentUrl\":\"https:\\\/\\\/www.magicien-magie.com\\\/blog\\\/wp-content\\\/uploads\\\/2023\\\/02\\\/question.jpg\",\"width\":900,\"height\":600,\"caption\":\"Question\"},{\"@type\":\"BreadcrumbList\",\"@id\":\"https:\\\/\\\/www.magicien-magie.com\\\/blog\\\/olivia-et-elodie-vandenhende-sont-elles-les-filles-de-francis-et-denise-fabre\\\/#breadcrumb\",\"itemListElement\":[{\"@type\":\"ListItem\",\"position\":1,\"name\":\"Accueil\",\"item\":\"https:\\\/\\\/www.magicien-magie.com\\\/blog\\\/\"},{\"@type\":\"ListItem\",\"position\":2,\"name\":\"Olivia et \u00c9lodie Vandenhende\u00a0: sont-elles les filles de Francis et Denise Fabre\u2009?\"}]},{\"@type\":\"WebSite\",\"@id\":\"https:\\\/\\\/www.magicien-magie.com\\\/blog\\\/#website\",\"url\":\"https:\\\/\\\/www.magicien-magie.com\\\/blog\\\/\",\"name\":\"Blog magie\",\"description\":\"\",\"potentialAction\":[{\"@type\":\"SearchAction\",\"target\":{\"@type\":\"EntryPoint\",\"urlTemplate\":\"https:\\\/\\\/www.magicien-magie.com\\\/blog\\\/?s={search_term_string}\"},\"query-input\":{\"@type\":\"PropertyValueSpecification\",\"valueRequired\":true,\"valueName\":\"search_term_string\"}}],\"inLanguage\":\"fr-FR\"},{\"@type\":\"Person\",\"@id\":\"https:\\\/\\\/www.magicien-magie.com\\\/blog\\\/#\\\/schema\\\/person\\\/5daf4d489d234d2f5bc62f0d15ca0569\",\"name\":\"artiste\",\"image\":{\"@type\":\"ImageObject\",\"inLanguage\":\"fr-FR\",\"@id\":\"https:\\\/\\\/secure.gravatar.com\\\/avatar\\\/9f8d73a44c0c9e30f70e6488629a68a6ad11b4e47e9fe015e6fc8cf625dade1e?s=96&d=mm&r=g\",\"url\":\"https:\\\/\\\/secure.gravatar.com\\\/avatar\\\/9f8d73a44c0c9e30f70e6488629a68a6ad11b4e47e9fe015e6fc8cf625dade1e?s=96&d=mm&r=g\",\"contentUrl\":\"https:\\\/\\\/secure.gravatar.com\\\/avatar\\\/9f8d73a44c0c9e30f70e6488629a68a6ad11b4e47e9fe015e6fc8cf625dade1e?s=96&d=mm&r=g\",\"caption\":\"artiste\"},\"url\":\"https:\\\/\\\/www.magicien-magie.com\\\/blog\\\/author\\\/artiste\\\/\"}]}<\/script>\n<!-- \/ Yoast SEO plugin. -->","yoast_head_json":{"title":"Olivia et \u00c9lodie Vandenhende\u00a0: sont-elles les filles de Francis et Denise Fabre\u2009? - Blog magie","robots":{"index":"index","follow":"follow","max-snippet":"max-snippet:-1","max-image-preview":"max-image-preview:large","max-video-preview":"max-video-preview:-1"},"canonical":"https:\/\/www.magicien-magie.com\/blog\/olivia-et-elodie-vandenhende-sont-elles-les-filles-de-francis-et-denise-fabre\/","og_locale":"fr_FR","og_type":"article","og_title":"Olivia et \u00c9lodie Vandenhende\u00a0: sont-elles les filles de Francis et Denise Fabre\u2009? - Blog magie","og_description":"Qui est Denise Fabre\u2009? N\u00e9e en 1942 \u00e0 Nice, Denise Fabre est une animatrice devenue femme politique et l\u2019une des personnalit\u00e9s les plus populaires en &hellip;","og_url":"https:\/\/www.magicien-magie.com\/blog\/olivia-et-elodie-vandenhende-sont-elles-les-filles-de-francis-et-denise-fabre\/","og_site_name":"Blog magie","article_published_time":"2023-02-21T05:14:27+00:00","article_modified_time":"2023-02-21T11:46:41+00:00","og_image":[{"width":900,"height":600,"url":"https:\/\/www.magicien-magie.com\/blog\/wp-content\/uploads\/2023\/02\/question.jpg","type":"image\/jpeg"}],"author":"artiste","twitter_card":"summary_large_image","twitter_misc":{"\u00c9crit par":"artiste","Dur\u00e9e de lecture estim\u00e9e":"4 minutes"},"schema":{"@context":"https:\/\/schema.org","@graph":[{"@type":"Article","@id":"https:\/\/www.magicien-magie.com\/blog\/olivia-et-elodie-vandenhende-sont-elles-les-filles-de-francis-et-denise-fabre\/#article","isPartOf":{"@id":"https:\/\/www.magicien-magie.com\/blog\/olivia-et-elodie-vandenhende-sont-elles-les-filles-de-francis-et-denise-fabre\/"},"author":{"name":"artiste","@id":"https:\/\/www.magicien-magie.com\/blog\/#\/schema\/person\/5daf4d489d234d2f5bc62f0d15ca0569"},"headline":"Olivia et \u00c9lodie Vandenhende\u00a0: sont-elles les filles de Francis et Denise Fabre\u2009?","datePublished":"2023-02-21T05:14:27+00:00","dateModified":"2023-02-21T11:46:41+00:00","mainEntityOfPage":{"@id":"https:\/\/www.magicien-magie.com\/blog\/olivia-et-elodie-vandenhende-sont-elles-les-filles-de-francis-et-denise-fabre\/"},"wordCount":689,"image":{"@id":"https:\/\/www.magicien-magie.com\/blog\/olivia-et-elodie-vandenhende-sont-elles-les-filles-de-francis-et-denise-fabre\/#primaryimage"},"thumbnailUrl":"https:\/\/www.magicien-magie.com\/blog\/wp-content\/uploads\/2023\/02\/question.jpg","articleSection":["Questions\/r\u00e9ponses"],"inLanguage":"fr-FR"},{"@type":"WebPage","@id":"https:\/\/www.magicien-magie.com\/blog\/olivia-et-elodie-vandenhende-sont-elles-les-filles-de-francis-et-denise-fabre\/","url":"https:\/\/www.magicien-magie.com\/blog\/olivia-et-elodie-vandenhende-sont-elles-les-filles-de-francis-et-denise-fabre\/","name":"Olivia et \u00c9lodie Vandenhende\u00a0: sont-elles les filles de Francis et Denise Fabre\u2009? - Blog magie","isPartOf":{"@id":"https:\/\/www.magicien-magie.com\/blog\/#website"},"primaryImageOfPage":{"@id":"https:\/\/www.magicien-magie.com\/blog\/olivia-et-elodie-vandenhende-sont-elles-les-filles-de-francis-et-denise-fabre\/#primaryimage"},"image":{"@id":"https:\/\/www.magicien-magie.com\/blog\/olivia-et-elodie-vandenhende-sont-elles-les-filles-de-francis-et-denise-fabre\/#primaryimage"},"thumbnailUrl":"https:\/\/www.magicien-magie.com\/blog\/wp-content\/uploads\/2023\/02\/question.jpg","datePublished":"2023-02-21T05:14:27+00:00","dateModified":"2023-02-21T11:46:41+00:00","author":{"@id":"https:\/\/www.magicien-magie.com\/blog\/#\/schema\/person\/5daf4d489d234d2f5bc62f0d15ca0569"},"breadcrumb":{"@id":"https:\/\/www.magicien-magie.com\/blog\/olivia-et-elodie-vandenhende-sont-elles-les-filles-de-francis-et-denise-fabre\/#breadcrumb"},"inLanguage":"fr-FR","potentialAction":[{"@type":"ReadAction","target":["https:\/\/www.magicien-magie.com\/blog\/olivia-et-elodie-vandenhende-sont-elles-les-filles-de-francis-et-denise-fabre\/"]}]},{"@type":"ImageObject","inLanguage":"fr-FR","@id":"https:\/\/www.magicien-magie.com\/blog\/olivia-et-elodie-vandenhende-sont-elles-les-filles-de-francis-et-denise-fabre\/#primaryimage","url":"https:\/\/www.magicien-magie.com\/blog\/wp-content\/uploads\/2023\/02\/question.jpg","contentUrl":"https:\/\/www.magicien-magie.com\/blog\/wp-content\/uploads\/2023\/02\/question.jpg","width":900,"height":600,"caption":"Question"},{"@type":"BreadcrumbList","@id":"https:\/\/www.magicien-magie.com\/blog\/olivia-et-elodie-vandenhende-sont-elles-les-filles-de-francis-et-denise-fabre\/#breadcrumb","itemListElement":[{"@type":"ListItem","position":1,"name":"Accueil","item":"https:\/\/www.magicien-magie.com\/blog\/"},{"@type":"ListItem","position":2,"name":"Olivia et \u00c9lodie Vandenhende\u00a0: sont-elles les filles de Francis et Denise Fabre\u2009?"}]},{"@type":"WebSite","@id":"https:\/\/www.magicien-magie.com\/blog\/#website","url":"https:\/\/www.magicien-magie.com\/blog\/","name":"Blog magie","description":"","potentialAction":[{"@type":"SearchAction","target":{"@type":"EntryPoint","urlTemplate":"https:\/\/www.magicien-magie.com\/blog\/?s={search_term_string}"},"query-input":{"@type":"PropertyValueSpecification","valueRequired":true,"valueName":"search_term_string"}}],"inLanguage":"fr-FR"},{"@type":"Person","@id":"https:\/\/www.magicien-magie.com\/blog\/#\/schema\/person\/5daf4d489d234d2f5bc62f0d15ca0569","name":"artiste","image":{"@type":"ImageObject","inLanguage":"fr-FR","@id":"https:\/\/secure.gravatar.com\/avatar\/9f8d73a44c0c9e30f70e6488629a68a6ad11b4e47e9fe015e6fc8cf625dade1e?s=96&d=mm&r=g","url":"https:\/\/secure.gravatar.com\/avatar\/9f8d73a44c0c9e30f70e6488629a68a6ad11b4e47e9fe015e6fc8cf625dade1e?s=96&d=mm&r=g","contentUrl":"https:\/\/secure.gravatar.com\/avatar\/9f8d73a44c0c9e30f70e6488629a68a6ad11b4e47e9fe015e6fc8cf625dade1e?s=96&d=mm&r=g","caption":"artiste"},"url":"https:\/\/www.magicien-magie.com\/blog\/author\/artiste\/"}]}},"_links":{"self":[{"href":"https:\/\/www.magicien-magie.com\/blog\/wp-json\/wp\/v2\/posts\/515","targetHints":{"allow":["GET"]}}],"collection":[{"href":"https:\/\/www.magicien-magie.com\/blog\/wp-json\/wp\/v2\/posts"}],"about":[{"href":"https:\/\/www.magicien-magie.com\/blog\/wp-json\/wp\/v2\/types\/post"}],"author":[{"embeddable":true,"href":"https:\/\/www.magicien-magie.com\/blog\/wp-json\/wp\/v2\/users\/3"}],"replies":[{"embeddable":true,"href":"https:\/\/www.magicien-magie.com\/blog\/wp-json\/wp\/v2\/comments?post=515"}],"version-history":[{"count":2,"href":"https:\/\/www.magicien-magie.com\/blog\/wp-json\/wp\/v2\/posts\/515\/revisions"}],"predecessor-version":[{"id":520,"href":"https:\/\/www.magicien-magie.com\/blog\/wp-json\/wp\/v2\/posts\/515\/revisions\/520"}],"wp:featuredmedia":[{"embeddable":true,"href":"https:\/\/www.magicien-magie.com\/blog\/wp-json\/wp\/v2\/media\/516"}],"wp:attachment":[{"href":"https:\/\/www.magicien-magie.com\/blog\/wp-json\/wp\/v2\/media?parent=515"}],"wp:term":[{"taxonomy":"category","embeddable":true,"href":"https:\/\/www.magicien-magie.com\/blog\/wp-json\/wp\/v2\/categories?post=515"},{"taxonomy":"post_tag","embeddable":true,"href":"https:\/\/www.magicien-magie.com\/blog\/wp-json\/wp\/v2\/tags?post=515"}],"curies":[{"name":"wp","href":"https:\/\/api.w.org\/{rel}","templated":true}]}}