{"id":505,"date":"2023-02-13T07:01:10","date_gmt":"2023-02-13T07:01:10","guid":{"rendered":"https:\/\/www.magicien-magie.com\/blog\/?p=505"},"modified":"2024-07-01T04:28:28","modified_gmt":"2024-07-01T04:28:28","slug":"quel-age-a-la-presentatrice-denise-fabre","status":"publish","type":"post","link":"https:\/\/www.magicien-magie.com\/blog\/quel-age-a-la-presentatrice-denise-fabre\/","title":{"rendered":"Quel \u00e2ge \u00e0 la pr\u00e9sentatrice Denise Fabre\u2009?"},"content":{"rendered":"\n<p>Denise Fabre est l\u2019une des pr\u00e9sentatrices de t\u00e9l\u00e9vision les plus c\u00e9l\u00e8bres en France. Connue sp\u00e9cialement pour sa bonne humeur et surtout pour son sourire, elle a pu d\u00e9crocher le prix de la meilleure pr\u00e9sentatrice en 1975. Plusi<a><\/a>eurs personnes s\u2019int\u00e9ressent particuli\u00e8rement \u00e0 l\u2019\u00e2ge de cette animatrice talentueuse. Voici l\u2019essentiel \u00e0 savoir sur Denise Fabre.<\/p>\n\n\n\n<h2 class=\"wp-block-heading\">La vie de cette pr\u00e9sentatrice<\/h2>\n\n\n\n<p>N\u00e9e le 5 septembre 1942 en France, pr\u00e9cis\u00e9ment \u00e0 Cagnes-sur-Mer, la jeune Denise Fabre est issue d\u2019une famille de bouchers. Elle a grandi dans une atmosph\u00e8re familiale complexe, notamment apr\u00e8s le divorce pr\u00e9coce de ses parents.<\/p>\n\n\n\n<p>Suite \u00e0 ce divorce, elle a \u00e9t\u00e9 plac\u00e9e dans une pension religieuse puis dans un internat o\u00f9 elle avait m\u00eame tent\u00e9 de se suicider.<\/p>\n\n\n\n<p>En d\u00e9pit de cette enfance complexe, elle a r\u00e9ussi \u00e0 d\u00e9crocher une bonne place sur les cha\u00eenes de l\u2019ORTF. Ses fous rires, sa spontan\u00e9it\u00e9 ainsi que sa franchise ont fait d\u2019elle une animatrice tr\u00e8s aim\u00e9e.<\/p>\n\n\n\n<p>En ce qui concerne sa vie amoureuse, Denise Fabre s\u2019est d\u2019abord mari\u00e9e avec le r\u00e9alisateur Jean-Paul Carr\u00e8re. L\u2019union entre les deux tourtereaux n\u2019a malheureusement pas dur\u00e9 puisqu\u2019ils ont divorc\u00e9.<\/p>\n\n\n\n<p>Quelques ann\u00e9es plus tard, en 1978, elle s\u2019unit avec <a href=\"https:\/\/www.magicien-magie.com\/blog\/olivia-et-elodie-vandenhende-sont-elles-les-filles-de-francis-et-denise-fabre\/\">Francis Vandenhende<\/a>, un cuisinier de renom qu\u2019elle assiste dans ses restaurants. De ce mariage, sont n\u00e9es Olivia et \u00c9lodie, des jumelles qui sont d\u00e9j\u00e0 mari\u00e9es.<\/p>\n\n\n\n<h2 class=\"wp-block-heading\">Ces d\u00e9buts \u00e0 la t\u00e9l\u00e9vision<\/h2>\n\n\n\n<p>Toute jeune, Denise Fabre souhaitait devenir une h\u00f4tesse de l\u2019air, mais elle n\u2019a pas concr\u00e9tis\u00e9 son r\u00eave. Elle s\u2019est plut\u00f4t tourn\u00e9e vers le monde du journalisme.<\/p>\n\n\n\n<p>Elle est ainsi devenue une grande speakerine \u00e0 la \u00ab\u2009T\u00e9l\u00e9 Monte-Carlo\u2009\u00bb. Elle a \u00e9t\u00e9 identifi\u00e9e par ses fans \u00e0 cause de son professionnalisme et de ses fous rires \u00e0 l\u2019\u00e9cran.<\/p>\n\n\n\n<p>Il existe de nombreux moments inoubliables \u00e0 la t\u00e9l\u00e9vision qui sont consid\u00e9r\u00e9s comme cultes. C&rsquo;est le cas du fameux fou rire avec son complice magicien <a href=\"https:\/\/www.magicien-magie.com\/blog\/histoire-de-la-vie-de-garcimore\/\">Jos\u00e9 Garcimore <\/a>venu lui pr\u00e9senter un tour de cartes\u2026 Attention, le rire est contagieux !<\/p>\n\n\n\n<figure class=\"wp-block-image size-full\"><img loading=\"lazy\" decoding=\"async\" width=\"440\" height=\"316\" src=\"https:\/\/www.magicien-magie.com\/blog\/wp-content\/uploads\/2023\/02\/garcimore-jose.jpg\" alt=\"jos\u00e9 garcimore magicien\" class=\"wp-image-510\" srcset=\"https:\/\/www.magicien-magie.com\/blog\/wp-content\/uploads\/2023\/02\/garcimore-jose.jpg 440w, https:\/\/www.magicien-magie.com\/blog\/wp-content\/uploads\/2023\/02\/garcimore-jose-300x215.jpg 300w, https:\/\/www.magicien-magie.com\/blog\/wp-content\/uploads\/2023\/02\/garcimore-jose-120x85.jpg 120w\" sizes=\"auto, (max-width: 440px) 100vw, 440px\" \/><\/figure>\n\n\n\n<p>En 1963, elle d\u00e9croche encore un poste de speaker sur la deuxi\u00e8me cha\u00eene de t\u00e9l\u00e9vision de l\u2019ORTF. Elle anime \u00e9galement l\u2019\u00e9mission \u00ab\u2009T\u00e9l\u00e9 Dimanche\u2009\u00bb sur la premi\u00e8re cha\u00eene.<\/p>\n\n\n\n<p>Outre ses activit\u00e9s \u00e0 la t\u00e9l\u00e9vision, elle \u00e9tait l\u2019une des meilleures chroniqueuses de \u00ab\u2009France-Soir\u2009\u00bb. Elle animait aussi les matins pour France Inter.<\/p>\n\n\n\n<p>Dans les ann\u00e9es&nbsp;1975, la star remporte le 7 d\u2019or de la meilleure pr\u00e9sentatrice de t\u00e9l\u00e9vision. Apr\u00e8s ce succ\u00e8s ph\u00e9nom\u00e9nal, elle fut recrut\u00e9e par Jean-Luc Lagard\u00e8re sur Europe&nbsp;1.<\/p>\n\n\n\n<p>Apr\u00e8s ses nombreuses ann\u00e9es \u00e0 la t\u00e9l\u00e9vision, moins jeune, Denise Fabre a commenc\u00e9 une nouvelle carri\u00e8re dans le monde de la politique en 2008 et devient conseill\u00e8re municipale, puis adjointe au maire de Nice.<\/p>\n\n\n\n<p>Aujourd\u2019hui <strong>\u00e2g\u00e9e de 81 ans, Denise Fabre n&rsquo;est plus jeune s\u2019est retir\u00e9e des \u00e9crans de t\u00e9l\u00e9vision <\/strong>et de la sc\u00e8ne politique pour se consacrer enti\u00e8rement \u00e0 ses petits-enfants.<\/p>\n","protected":false},"excerpt":{"rendered":"<p>Denise Fabre est l\u2019une des pr\u00e9sentatrices de t\u00e9l\u00e9vision les plus c\u00e9l\u00e8bres en France. Connue sp\u00e9cialement pour sa bonne humeur et surtout pour son sourire, elle &hellip; <\/p>\n","protected":false},"author":3,"featured_media":516,"comment_status":"closed","ping_status":"open","sticky":false,"template":"","format":"standard","meta":{"footnotes":""},"categories":[9],"tags":[],"class_list":["post-505","post","type-post","status-publish","format-standard","has-post-thumbnail","hentry","category-chronique"],"yoast_head":"<!-- This site is optimized with the Yoast SEO plugin v27.5 - https:\/\/yoast.com\/product\/yoast-seo-wordpress\/ -->\n<title>Quel \u00e2ge \u00e0 la pr\u00e9sentatrice Denise Fabre\u2009? - Blog magie<\/title>\n<meta name=\"robots\" content=\"index, follow, max-snippet:-1, max-image-preview:large, max-video-preview:-1\" \/>\n<link rel=\"canonical\" href=\"https:\/\/www.magicien-magie.com\/blog\/quel-age-a-la-presentatrice-denise-fabre\/\" \/>\n<meta property=\"og:locale\" content=\"fr_FR\" \/>\n<meta property=\"og:type\" content=\"article\" \/>\n<meta property=\"og:title\" content=\"Quel \u00e2ge \u00e0 la pr\u00e9sentatrice Denise Fabre\u2009? - Blog magie\" \/>\n<meta property=\"og:description\" content=\"Denise Fabre est l\u2019une des pr\u00e9sentatrices de t\u00e9l\u00e9vision les plus c\u00e9l\u00e8bres en France. Connue sp\u00e9cialement pour sa bonne humeur et surtout pour son sourire, elle &hellip;\" \/>\n<meta property=\"og:url\" content=\"https:\/\/www.magicien-magie.com\/blog\/quel-age-a-la-presentatrice-denise-fabre\/\" \/>\n<meta property=\"og:site_name\" content=\"Blog magie\" \/>\n<meta property=\"article:published_time\" content=\"2023-02-13T07:01:10+00:00\" \/>\n<meta property=\"article:modified_time\" content=\"2024-07-01T04:28:28+00:00\" \/>\n<meta property=\"og:image\" content=\"https:\/\/www.magicien-magie.com\/blog\/wp-content\/uploads\/2023\/02\/question.jpg\" \/>\n\t<meta property=\"og:image:width\" content=\"900\" \/>\n\t<meta property=\"og:image:height\" content=\"600\" \/>\n\t<meta property=\"og:image:type\" content=\"image\/jpeg\" \/>\n<meta name=\"author\" content=\"artiste\" \/>\n<meta name=\"twitter:card\" content=\"summary_large_image\" \/>\n<meta name=\"twitter:label1\" content=\"\u00c9crit par\" \/>\n\t<meta name=\"twitter:data1\" content=\"artiste\" \/>\n\t<meta name=\"twitter:label2\" content=\"Dur\u00e9e de lecture estim\u00e9e\" \/>\n\t<meta name=\"twitter:data2\" content=\"1 minute\" \/>\n<script type=\"application\/ld+json\" class=\"yoast-schema-graph\">{\"@context\":\"https:\\\/\\\/schema.org\",\"@graph\":[{\"@type\":\"Article\",\"@id\":\"https:\\\/\\\/www.magicien-magie.com\\\/blog\\\/quel-age-a-la-presentatrice-denise-fabre\\\/#article\",\"isPartOf\":{\"@id\":\"https:\\\/\\\/www.magicien-magie.com\\\/blog\\\/quel-age-a-la-presentatrice-denise-fabre\\\/\"},\"author\":{\"name\":\"artiste\",\"@id\":\"https:\\\/\\\/www.magicien-magie.com\\\/blog\\\/#\\\/schema\\\/person\\\/5daf4d489d234d2f5bc62f0d15ca0569\"},\"headline\":\"Quel \u00e2ge \u00e0 la pr\u00e9sentatrice Denise Fabre\u2009?\",\"datePublished\":\"2023-02-13T07:01:10+00:00\",\"dateModified\":\"2024-07-01T04:28:28+00:00\",\"mainEntityOfPage\":{\"@id\":\"https:\\\/\\\/www.magicien-magie.com\\\/blog\\\/quel-age-a-la-presentatrice-denise-fabre\\\/\"},\"wordCount\":550,\"image\":{\"@id\":\"https:\\\/\\\/www.magicien-magie.com\\\/blog\\\/quel-age-a-la-presentatrice-denise-fabre\\\/#primaryimage\"},\"thumbnailUrl\":\"https:\\\/\\\/www.magicien-magie.com\\\/blog\\\/wp-content\\\/uploads\\\/2023\\\/02\\\/question.jpg\",\"articleSection\":[\"Chronique\"],\"inLanguage\":\"fr-FR\"},{\"@type\":\"WebPage\",\"@id\":\"https:\\\/\\\/www.magicien-magie.com\\\/blog\\\/quel-age-a-la-presentatrice-denise-fabre\\\/\",\"url\":\"https:\\\/\\\/www.magicien-magie.com\\\/blog\\\/quel-age-a-la-presentatrice-denise-fabre\\\/\",\"name\":\"Quel \u00e2ge \u00e0 la pr\u00e9sentatrice Denise Fabre\u2009? - Blog magie\",\"isPartOf\":{\"@id\":\"https:\\\/\\\/www.magicien-magie.com\\\/blog\\\/#website\"},\"primaryImageOfPage\":{\"@id\":\"https:\\\/\\\/www.magicien-magie.com\\\/blog\\\/quel-age-a-la-presentatrice-denise-fabre\\\/#primaryimage\"},\"image\":{\"@id\":\"https:\\\/\\\/www.magicien-magie.com\\\/blog\\\/quel-age-a-la-presentatrice-denise-fabre\\\/#primaryimage\"},\"thumbnailUrl\":\"https:\\\/\\\/www.magicien-magie.com\\\/blog\\\/wp-content\\\/uploads\\\/2023\\\/02\\\/question.jpg\",\"datePublished\":\"2023-02-13T07:01:10+00:00\",\"dateModified\":\"2024-07-01T04:28:28+00:00\",\"author\":{\"@id\":\"https:\\\/\\\/www.magicien-magie.com\\\/blog\\\/#\\\/schema\\\/person\\\/5daf4d489d234d2f5bc62f0d15ca0569\"},\"breadcrumb\":{\"@id\":\"https:\\\/\\\/www.magicien-magie.com\\\/blog\\\/quel-age-a-la-presentatrice-denise-fabre\\\/#breadcrumb\"},\"inLanguage\":\"fr-FR\",\"potentialAction\":[{\"@type\":\"ReadAction\",\"target\":[\"https:\\\/\\\/www.magicien-magie.com\\\/blog\\\/quel-age-a-la-presentatrice-denise-fabre\\\/\"]}]},{\"@type\":\"ImageObject\",\"inLanguage\":\"fr-FR\",\"@id\":\"https:\\\/\\\/www.magicien-magie.com\\\/blog\\\/quel-age-a-la-presentatrice-denise-fabre\\\/#primaryimage\",\"url\":\"https:\\\/\\\/www.magicien-magie.com\\\/blog\\\/wp-content\\\/uploads\\\/2023\\\/02\\\/question.jpg\",\"contentUrl\":\"https:\\\/\\\/www.magicien-magie.com\\\/blog\\\/wp-content\\\/uploads\\\/2023\\\/02\\\/question.jpg\",\"width\":900,\"height\":600,\"caption\":\"Question\"},{\"@type\":\"BreadcrumbList\",\"@id\":\"https:\\\/\\\/www.magicien-magie.com\\\/blog\\\/quel-age-a-la-presentatrice-denise-fabre\\\/#breadcrumb\",\"itemListElement\":[{\"@type\":\"ListItem\",\"position\":1,\"name\":\"Accueil\",\"item\":\"https:\\\/\\\/www.magicien-magie.com\\\/blog\\\/\"},{\"@type\":\"ListItem\",\"position\":2,\"name\":\"Quel \u00e2ge \u00e0 la pr\u00e9sentatrice Denise Fabre\u2009?\"}]},{\"@type\":\"WebSite\",\"@id\":\"https:\\\/\\\/www.magicien-magie.com\\\/blog\\\/#website\",\"url\":\"https:\\\/\\\/www.magicien-magie.com\\\/blog\\\/\",\"name\":\"Blog magie\",\"description\":\"\",\"potentialAction\":[{\"@type\":\"SearchAction\",\"target\":{\"@type\":\"EntryPoint\",\"urlTemplate\":\"https:\\\/\\\/www.magicien-magie.com\\\/blog\\\/?s={search_term_string}\"},\"query-input\":{\"@type\":\"PropertyValueSpecification\",\"valueRequired\":true,\"valueName\":\"search_term_string\"}}],\"inLanguage\":\"fr-FR\"},{\"@type\":\"Person\",\"@id\":\"https:\\\/\\\/www.magicien-magie.com\\\/blog\\\/#\\\/schema\\\/person\\\/5daf4d489d234d2f5bc62f0d15ca0569\",\"name\":\"artiste\",\"image\":{\"@type\":\"ImageObject\",\"inLanguage\":\"fr-FR\",\"@id\":\"https:\\\/\\\/secure.gravatar.com\\\/avatar\\\/9f8d73a44c0c9e30f70e6488629a68a6ad11b4e47e9fe015e6fc8cf625dade1e?s=96&d=mm&r=g\",\"url\":\"https:\\\/\\\/secure.gravatar.com\\\/avatar\\\/9f8d73a44c0c9e30f70e6488629a68a6ad11b4e47e9fe015e6fc8cf625dade1e?s=96&d=mm&r=g\",\"contentUrl\":\"https:\\\/\\\/secure.gravatar.com\\\/avatar\\\/9f8d73a44c0c9e30f70e6488629a68a6ad11b4e47e9fe015e6fc8cf625dade1e?s=96&d=mm&r=g\",\"caption\":\"artiste\"},\"url\":\"https:\\\/\\\/www.magicien-magie.com\\\/blog\\\/author\\\/artiste\\\/\"}]}<\/script>\n<!-- \/ Yoast SEO plugin. -->","yoast_head_json":{"title":"Quel \u00e2ge \u00e0 la pr\u00e9sentatrice Denise Fabre\u2009? - Blog magie","robots":{"index":"index","follow":"follow","max-snippet":"max-snippet:-1","max-image-preview":"max-image-preview:large","max-video-preview":"max-video-preview:-1"},"canonical":"https:\/\/www.magicien-magie.com\/blog\/quel-age-a-la-presentatrice-denise-fabre\/","og_locale":"fr_FR","og_type":"article","og_title":"Quel \u00e2ge \u00e0 la pr\u00e9sentatrice Denise Fabre\u2009? - Blog magie","og_description":"Denise Fabre est l\u2019une des pr\u00e9sentatrices de t\u00e9l\u00e9vision les plus c\u00e9l\u00e8bres en France. Connue sp\u00e9cialement pour sa bonne humeur et surtout pour son sourire, elle &hellip;","og_url":"https:\/\/www.magicien-magie.com\/blog\/quel-age-a-la-presentatrice-denise-fabre\/","og_site_name":"Blog magie","article_published_time":"2023-02-13T07:01:10+00:00","article_modified_time":"2024-07-01T04:28:28+00:00","og_image":[{"width":900,"height":600,"url":"https:\/\/www.magicien-magie.com\/blog\/wp-content\/uploads\/2023\/02\/question.jpg","type":"image\/jpeg"}],"author":"artiste","twitter_card":"summary_large_image","twitter_misc":{"\u00c9crit par":"artiste","Dur\u00e9e de lecture estim\u00e9e":"1 minute"},"schema":{"@context":"https:\/\/schema.org","@graph":[{"@type":"Article","@id":"https:\/\/www.magicien-magie.com\/blog\/quel-age-a-la-presentatrice-denise-fabre\/#article","isPartOf":{"@id":"https:\/\/www.magicien-magie.com\/blog\/quel-age-a-la-presentatrice-denise-fabre\/"},"author":{"name":"artiste","@id":"https:\/\/www.magicien-magie.com\/blog\/#\/schema\/person\/5daf4d489d234d2f5bc62f0d15ca0569"},"headline":"Quel \u00e2ge \u00e0 la pr\u00e9sentatrice Denise Fabre\u2009?","datePublished":"2023-02-13T07:01:10+00:00","dateModified":"2024-07-01T04:28:28+00:00","mainEntityOfPage":{"@id":"https:\/\/www.magicien-magie.com\/blog\/quel-age-a-la-presentatrice-denise-fabre\/"},"wordCount":550,"image":{"@id":"https:\/\/www.magicien-magie.com\/blog\/quel-age-a-la-presentatrice-denise-fabre\/#primaryimage"},"thumbnailUrl":"https:\/\/www.magicien-magie.com\/blog\/wp-content\/uploads\/2023\/02\/question.jpg","articleSection":["Chronique"],"inLanguage":"fr-FR"},{"@type":"WebPage","@id":"https:\/\/www.magicien-magie.com\/blog\/quel-age-a-la-presentatrice-denise-fabre\/","url":"https:\/\/www.magicien-magie.com\/blog\/quel-age-a-la-presentatrice-denise-fabre\/","name":"Quel \u00e2ge \u00e0 la pr\u00e9sentatrice Denise Fabre\u2009? - Blog magie","isPartOf":{"@id":"https:\/\/www.magicien-magie.com\/blog\/#website"},"primaryImageOfPage":{"@id":"https:\/\/www.magicien-magie.com\/blog\/quel-age-a-la-presentatrice-denise-fabre\/#primaryimage"},"image":{"@id":"https:\/\/www.magicien-magie.com\/blog\/quel-age-a-la-presentatrice-denise-fabre\/#primaryimage"},"thumbnailUrl":"https:\/\/www.magicien-magie.com\/blog\/wp-content\/uploads\/2023\/02\/question.jpg","datePublished":"2023-02-13T07:01:10+00:00","dateModified":"2024-07-01T04:28:28+00:00","author":{"@id":"https:\/\/www.magicien-magie.com\/blog\/#\/schema\/person\/5daf4d489d234d2f5bc62f0d15ca0569"},"breadcrumb":{"@id":"https:\/\/www.magicien-magie.com\/blog\/quel-age-a-la-presentatrice-denise-fabre\/#breadcrumb"},"inLanguage":"fr-FR","potentialAction":[{"@type":"ReadAction","target":["https:\/\/www.magicien-magie.com\/blog\/quel-age-a-la-presentatrice-denise-fabre\/"]}]},{"@type":"ImageObject","inLanguage":"fr-FR","@id":"https:\/\/www.magicien-magie.com\/blog\/quel-age-a-la-presentatrice-denise-fabre\/#primaryimage","url":"https:\/\/www.magicien-magie.com\/blog\/wp-content\/uploads\/2023\/02\/question.jpg","contentUrl":"https:\/\/www.magicien-magie.com\/blog\/wp-content\/uploads\/2023\/02\/question.jpg","width":900,"height":600,"caption":"Question"},{"@type":"BreadcrumbList","@id":"https:\/\/www.magicien-magie.com\/blog\/quel-age-a-la-presentatrice-denise-fabre\/#breadcrumb","itemListElement":[{"@type":"ListItem","position":1,"name":"Accueil","item":"https:\/\/www.magicien-magie.com\/blog\/"},{"@type":"ListItem","position":2,"name":"Quel \u00e2ge \u00e0 la pr\u00e9sentatrice Denise Fabre\u2009?"}]},{"@type":"WebSite","@id":"https:\/\/www.magicien-magie.com\/blog\/#website","url":"https:\/\/www.magicien-magie.com\/blog\/","name":"Blog magie","description":"","potentialAction":[{"@type":"SearchAction","target":{"@type":"EntryPoint","urlTemplate":"https:\/\/www.magicien-magie.com\/blog\/?s={search_term_string}"},"query-input":{"@type":"PropertyValueSpecification","valueRequired":true,"valueName":"search_term_string"}}],"inLanguage":"fr-FR"},{"@type":"Person","@id":"https:\/\/www.magicien-magie.com\/blog\/#\/schema\/person\/5daf4d489d234d2f5bc62f0d15ca0569","name":"artiste","image":{"@type":"ImageObject","inLanguage":"fr-FR","@id":"https:\/\/secure.gravatar.com\/avatar\/9f8d73a44c0c9e30f70e6488629a68a6ad11b4e47e9fe015e6fc8cf625dade1e?s=96&d=mm&r=g","url":"https:\/\/secure.gravatar.com\/avatar\/9f8d73a44c0c9e30f70e6488629a68a6ad11b4e47e9fe015e6fc8cf625dade1e?s=96&d=mm&r=g","contentUrl":"https:\/\/secure.gravatar.com\/avatar\/9f8d73a44c0c9e30f70e6488629a68a6ad11b4e47e9fe015e6fc8cf625dade1e?s=96&d=mm&r=g","caption":"artiste"},"url":"https:\/\/www.magicien-magie.com\/blog\/author\/artiste\/"}]}},"_links":{"self":[{"href":"https:\/\/www.magicien-magie.com\/blog\/wp-json\/wp\/v2\/posts\/505","targetHints":{"allow":["GET"]}}],"collection":[{"href":"https:\/\/www.magicien-magie.com\/blog\/wp-json\/wp\/v2\/posts"}],"about":[{"href":"https:\/\/www.magicien-magie.com\/blog\/wp-json\/wp\/v2\/types\/post"}],"author":[{"embeddable":true,"href":"https:\/\/www.magicien-magie.com\/blog\/wp-json\/wp\/v2\/users\/3"}],"replies":[{"embeddable":true,"href":"https:\/\/www.magicien-magie.com\/blog\/wp-json\/wp\/v2\/comments?post=505"}],"version-history":[{"count":4,"href":"https:\/\/www.magicien-magie.com\/blog\/wp-json\/wp\/v2\/posts\/505\/revisions"}],"predecessor-version":[{"id":523,"href":"https:\/\/www.magicien-magie.com\/blog\/wp-json\/wp\/v2\/posts\/505\/revisions\/523"}],"wp:featuredmedia":[{"embeddable":true,"href":"https:\/\/www.magicien-magie.com\/blog\/wp-json\/wp\/v2\/media\/516"}],"wp:attachment":[{"href":"https:\/\/www.magicien-magie.com\/blog\/wp-json\/wp\/v2\/media?parent=505"}],"wp:term":[{"taxonomy":"category","embeddable":true,"href":"https:\/\/www.magicien-magie.com\/blog\/wp-json\/wp\/v2\/categories?post=505"},{"taxonomy":"post_tag","embeddable":true,"href":"https:\/\/www.magicien-magie.com\/blog\/wp-json\/wp\/v2\/tags?post=505"}],"curies":[{"name":"wp","href":"https:\/\/api.w.org\/{rel}","templated":true}]}}